{"id":69935,"date":"2026-03-25T11:29:14","date_gmt":"2026-03-25T14:29:14","guid":{"rendered":"https:\/\/www.simepe.com.br\/novo\/?p=69935"},"modified":"2026-03-25T11:29:14","modified_gmt":"2026-03-25T14:29:14","slug":"medicos-da-rede-municipal-de-caruaru-realizam-age-para-discutir-condicoes-de-trabalho-e-negociacao-salarial","status":"publish","type":"post","link":"https:\/\/www.simepe.com.br\/novo\/medicos-da-rede-municipal-de-caruaru-realizam-age-para-discutir-condicoes-de-trabalho-e-negociacao-salarial\/","title":{"rendered":"M\u00e9dicos da rede municipal de Caruaru realizam AGE para discutir condi\u00e7\u00f5es de trabalho e negocia\u00e7\u00e3o salarial"},"content":{"rendered":"<p>O Sindicato dos M\u00e9dicos de Pernambuco (Simepe) segue acompanhando de perto a situa\u00e7\u00e3o da rede municipal de sa\u00fade de Caruaru, no Agreste do Estado, e conduzindo o di\u00e1logo institucional em defesa das condi\u00e7\u00f5es de trabalho e da valoriza\u00e7\u00e3o profissional da categoria. Dando continuidade \u00e0s discuss\u00f5es sobre as demandas dos m\u00e9dicos do munic\u00edpio, foi realizada, na noite da ter\u00e7a-feira (24), uma Assembleia Geral Extraordin\u00e1ria (AGE) com os profissionais que atuam na rede p\u00fablica local.<\/p>\n<p>A reuni\u00e3o, convocada pelo Simepe, ocorreu de forma remota por meio da plataforma Zoom e teve como objetivo avaliar o cen\u00e1rio atual da rede assistencial do munic\u00edpio, discutir as condi\u00e7\u00f5es de trabalho, a pauta salarial e definir os encaminhamentos da mobiliza\u00e7\u00e3o da categoria.<\/p>\n<p>A assembleia foi conduzida pela presidente do Simepe, Carol Tabosa, com a participa\u00e7\u00e3o dos diretores Rodrigo Rosas e Robson Miranda, al\u00e9m de outros integrantes da diretoria da entidade.<\/p>\n<p>Durante a reuni\u00e3o, Carol Tabosa apresentou aos m\u00e9dicos os principais pontos discutidos com a gest\u00e3o municipal em encontro realizado na segunda-feira (23), em Caruaru. Na ocasi\u00e3o, representantes das Secretarias de Administra\u00e7\u00e3o e de Sa\u00fade detalharam medidas que v\u00eam sendo adotadas em resposta \u00e0s reivindica\u00e7\u00f5es apresentadas pela categoria.<\/p>\n<p>Segundo informa\u00e7\u00f5es da administra\u00e7\u00e3o municipal, foi estabelecido um cronograma de a\u00e7\u00f5es com prazos definidos para solucionar problemas identificados durante visitas t\u00e9cnicas realizadas pelo Simepe \u00e0s unidades de sa\u00fade. Entre as medidas anunciadas est\u00e3o interven\u00e7\u00f5es estruturais em equipamentos da rede, a disponibiliza\u00e7\u00e3o de equipamentos de prote\u00e7\u00e3o individual (EPIs) para as equipes do Servi\u00e7o de Atendimento M\u00f3vel de Urg\u00eancia (SAMU) e o refor\u00e7o das rondas de seguran\u00e7a, com o objetivo de reduzir a sensa\u00e7\u00e3o de vulnerabilidade nos locais de trabalho.<\/p>\n<p>Em rela\u00e7\u00e3o \u00e0 proposta de reajuste do sal\u00e1rio-base dos m\u00e9dicos para 2026, o sindicato reiterou os princ\u00edpios defendidos pela entidade e pela categoria. O Simepe destacou a import\u00e2ncia de que o munic\u00edpio alinhe os vencimentos aos valores praticados pelo Sistema \u00danico de Sa\u00fade (SUS), medida considerada fundamental para a valoriza\u00e7\u00e3o da carreira m\u00e9dica e para a fixa\u00e7\u00e3o de profissionais na rede p\u00fablica municipal. A entidade tamb\u00e9m prop\u00f4s a elabora\u00e7\u00e3o de um plano plurianual de recomposi\u00e7\u00e3o salarial at\u00e9 2028, com o objetivo de garantir maior previsibilidade or\u00e7ament\u00e1ria e estabilidade para os profissionais que atuam na rede.<\/p>\n<p>Para a presidente do Simepe, Carol Tabosa, a AGE representa mais um passo no processo de mobiliza\u00e7\u00e3o da categoria no munic\u00edpio, com foco na constru\u00e7\u00e3o de avan\u00e7os concretos. \u201cSeguimos mobilizados para assegurar conquistas efetivas, fortalecendo a categoria e ampliando a atua\u00e7\u00e3o do Simepe onde o m\u00e9dico precisa. O di\u00e1logo permanece aberto, com o compromisso das partes envolvidas em buscar encaminhamentos objetivos\u201d, afirmou.<\/p>\n<p>A assembleia integra uma s\u00e9rie de iniciativas institucionais conduzidas pelo sindicato em defesa da melhoria das condi\u00e7\u00f5es de trabalho e da valoriza\u00e7\u00e3o dos m\u00e9dicos que atuam no munic\u00edpio.<\/p>\n<p>Ao final do encontro, os participantes decidiram aguardar a pr\u00f3xima rodada de negocia\u00e7\u00e3o com a gest\u00e3o municipal, marcada para o dia 9 de abril de 2026, quando tamb\u00e9m ser\u00e1 realizada uma nova assembleia para avaliar o andamento das pautas apresentadas.<\/p>\n<p>\u201cEsperamos avan\u00e7ar na constru\u00e7\u00e3o de uma proposta satisfat\u00f3ria para a categoria, especialmente em rela\u00e7\u00e3o \u00e0 pauta financeira, para que possamos seguir concentrados na defesa das demandas assistenciais. Nosso compromisso \u00e9 ouvir os m\u00e9dicos e cobrar os encaminhamentos necess\u00e1rios\u201d, concluiu a presidente do Simepe, Carol Tabosa.<\/p>\n","protected":false},"excerpt":{"rendered":"<p>O Sindicato dos M\u00e9dicos de Pernambuco (Simepe) segue acompanhando de perto a situa\u00e7\u00e3o da rede municipal de sa\u00fade de Caruaru, no Agreste do Estado, e conduzindo o di\u00e1logo institucional em defesa das condi\u00e7\u00f5es de trabalho e da valoriza\u00e7\u00e3o profissional da categoria. Dando continuidade \u00e0s discuss\u00f5es sobre as demandas dos m\u00e9dicos do munic\u00edpio, foi realizada, na [&hellip;]<\/p>\n","protected":false},"author":29,"featured_media":69937,"comment_status":"open","ping_status":"open","sticky":false,"template":"","format":"standard","meta":{"ocean_post_layout":"","ocean_both_sidebars_style":"","ocean_both_sidebars_content_width":0,"ocean_both_sidebars_sidebars_width":0,"ocean_sidebar":"","ocean_second_sidebar":"","ocean_disable_margins":"enable","ocean_add_body_class":"","ocean_shortcode_before_top_bar":"","ocean_shortcode_after_top_bar":"","ocean_shortcode_before_header":"","ocean_shortcode_after_header":"","ocean_has_shortcode":"","ocean_shortcode_after_title":"","ocean_shortcode_before_footer_widgets":"","ocean_shortcode_after_footer_widgets":"","ocean_shortcode_before_footer_bottom":"","ocean_shortcode_after_footer_bottom":"","ocean_display_top_bar":"default","ocean_display_header":"default","ocean_header_style":"","ocean_center_header_left_menu":"","ocean_custom_header_template":"","ocean_custom_logo":0,"ocean_custom_retina_logo":0,"ocean_custom_logo_max_width":0,"ocean_custom_logo_tablet_max_width":0,"ocean_custom_logo_mobile_max_width":0,"ocean_custom_logo_max_height":0,"ocean_custom_logo_tablet_max_height":0,"ocean_custom_logo_mobile_max_height":0,"ocean_header_custom_menu":"","ocean_menu_typo_font_family":"","ocean_menu_typo_font_subset":"","ocean_menu_typo_font_size":0,"ocean_menu_typo_font_size_tablet":0,"ocean_menu_typo_font_size_mobile":0,"ocean_menu_typo_font_size_unit":"px","ocean_menu_typo_font_weight":"","ocean_menu_typo_font_weight_tablet":"","ocean_menu_typo_font_weight_mobile":"","ocean_menu_typo_transform":"","ocean_menu_typo_transform_tablet":"","ocean_menu_typo_transform_mobile":"","ocean_menu_typo_line_height":0,"ocean_menu_typo_line_height_tablet":0,"ocean_menu_typo_line_height_mobile":0,"ocean_menu_typo_line_height_unit":"","ocean_menu_typo_spacing":0,"ocean_menu_typo_spacing_tablet":0,"ocean_menu_typo_spacing_mobile":0,"ocean_menu_typo_spacing_unit":"","ocean_menu_link_color":"","ocean_menu_link_color_hover":"","ocean_menu_link_color_active":"","ocean_menu_link_background":"","ocean_menu_link_hover_background":"","ocean_menu_link_active_background":"","ocean_menu_social_links_bg":"","ocean_menu_social_hover_links_bg":"","ocean_menu_social_links_color":"","ocean_menu_social_hover_links_color":"","ocean_disable_title":"default","ocean_disable_heading":"default","ocean_post_title":"","ocean_post_subheading":"","ocean_post_title_style":"","ocean_post_title_background_color":"","ocean_post_title_background":0,"ocean_post_title_bg_image_position":"","ocean_post_title_bg_image_attachment":"","ocean_post_title_bg_image_repeat":"","ocean_post_title_bg_image_size":"","ocean_post_title_height":0,"ocean_post_title_bg_overlay":0.5,"ocean_post_title_bg_overlay_color":"","ocean_disable_breadcrumbs":"default","ocean_breadcrumbs_color":"","ocean_breadcrumbs_separator_color":"","ocean_breadcrumbs_links_color":"","ocean_breadcrumbs_links_hover_color":"","ocean_display_footer_widgets":"default","ocean_display_footer_bottom":"default","ocean_custom_footer_template":"","ocean_post_oembed":"","ocean_post_self_hosted_media":"","ocean_post_video_embed":"","ocean_link_format":"","ocean_link_format_target":"self","ocean_quote_format":"","ocean_quote_format_link":"post","ocean_gallery_link_images":"on","ocean_gallery_id":[]},"categories":[1796,3943,1],"tags":[],"acf":[],"_links":{"self":[{"href":"https:\/\/www.simepe.com.br\/novo\/wp-json\/wp\/v2\/posts\/69935"}],"collection":[{"href":"https:\/\/www.simepe.com.br\/novo\/wp-json\/wp\/v2\/posts"}],"about":[{"href":"https:\/\/www.simepe.com.br\/novo\/wp-json\/wp\/v2\/types\/post"}],"author":[{"embeddable":true,"href":"https:\/\/www.simepe.com.br\/novo\/wp-json\/wp\/v2\/users\/29"}],"replies":[{"embeddable":true,"href":"https:\/\/www.simepe.com.br\/novo\/wp-json\/wp\/v2\/comments?post=69935"}],"version-history":[{"count":1,"href":"https:\/\/www.simepe.com.br\/novo\/wp-json\/wp\/v2\/posts\/69935\/revisions"}],"predecessor-version":[{"id":69938,"href":"https:\/\/www.simepe.com.br\/novo\/wp-json\/wp\/v2\/posts\/69935\/revisions\/69938"}],"wp:featuredmedia":[{"embeddable":true,"href":"https:\/\/www.simepe.com.br\/novo\/wp-json\/wp\/v2\/media\/69937"}],"wp:attachment":[{"href":"https:\/\/www.simepe.com.br\/novo\/wp-json\/wp\/v2\/media?parent=69935"}],"wp:term":[{"taxonomy":"category","embeddable":true,"href":"https:\/\/www.simepe.com.br\/novo\/wp-json\/wp\/v2\/categories?post=69935"},{"taxonomy":"post_tag","embeddable":true,"href":"https:\/\/www.simepe.com.br\/novo\/wp-json\/wp\/v2\/tags?post=69935"}],"curies":[{"name":"wp","href":"https:\/\/api.w.org\/{rel}","templated":true}]}}