{"id":70047,"date":"2026-04-08T20:38:50","date_gmt":"2026-04-08T23:38:50","guid":{"rendered":"https:\/\/www.simepe.com.br\/novo\/?p=70047"},"modified":"2026-04-08T20:38:50","modified_gmt":"2026-04-08T23:38:50","slug":"radiologistas-e-oftalmologistas-debatem-pauta-de-reivindicacoes-ao-iassepe-em-age-do-simepe","status":"publish","type":"post","link":"https:\/\/www.simepe.com.br\/novo\/radiologistas-e-oftalmologistas-debatem-pauta-de-reivindicacoes-ao-iassepe-em-age-do-simepe\/","title":{"rendered":"Radiologistas e oftalmologistas debatem pauta de reivindica\u00e7\u00f5es ao Iassepe em AGE do Simepe"},"content":{"rendered":"<p>M\u00e9dicos radiologistas e oftalmologistas que atuam no Instituto de Aten\u00e7\u00e3o \u00e0 Sa\u00fade e Bem-estar dos Servidores do Estado de Pernambuco (IASSEPE) participaram, nesta ter\u00e7a-feira (07\/04), de Assembleia Geral Extraordin\u00e1ria (AGE) realizada pelo Sindicato dos M\u00e9dicos de Pernambuco (Simepe), no Recife. A reuni\u00e3o teve como foco a mobiliza\u00e7\u00e3o das especialidades diante da defasagem dos honor\u00e1rios. O encontro foi conduzido pela presidente do Simepe, Carol Tabosa, com a presen\u00e7a dos diretores Eraldo Arraes, \u00c1lvaro Campos e Cesar Vasconcelos, al\u00e9m do advogado da Defensoria M\u00e9dica (DFM), Diego Galdino, refor\u00e7ando o suporte institucional \u00e0s demandas apresentadas.<\/p>\n<p><img fetchpriority=\"high\" class=\"alignnone size-full wp-image-70049\" src=\"https:\/\/www.simepe.com.br\/novo\/wp-content\/uploads\/2026\/04\/9887a766-6a5c-4ffb-8434-94ca210c4a2b.jpg\" alt=\"\" width=\"768\" height=\"576\" srcset=\"https:\/\/www.simepe.com.br\/novo\/wp-content\/uploads\/2026\/04\/9887a766-6a5c-4ffb-8434-94ca210c4a2b.jpg 768w, https:\/\/www.simepe.com.br\/novo\/wp-content\/uploads\/2026\/04\/9887a766-6a5c-4ffb-8434-94ca210c4a2b-300x225.jpg 300w\" sizes=\"(max-width: 768px) 100vw, 768px\" \/><\/p>\n<p>Durante a assembleia, os m\u00e9dicos destacaram a necessidade urgente de avan\u00e7os concretos na valoriza\u00e7\u00e3o profissional. Como demonstra\u00e7\u00e3o da mobiliza\u00e7\u00e3o, foram apresentados abaixo-assinados com mais de 300 ades\u00f5es de radiologistas e oftalmologistas, evidenciando a demanda enfrentada pelas m\u00e9dicas e m\u00e9dicos do Instituto.<\/p>\n<p><img class=\"alignnone size-full wp-image-70050\" src=\"https:\/\/www.simepe.com.br\/novo\/wp-content\/uploads\/2026\/04\/10ae0ff1-2da1-4ddb-b42e-d31975b59fce.jpg\" alt=\"\" width=\"640\" height=\"480\" srcset=\"https:\/\/www.simepe.com.br\/novo\/wp-content\/uploads\/2026\/04\/10ae0ff1-2da1-4ddb-b42e-d31975b59fce.jpg 640w, https:\/\/www.simepe.com.br\/novo\/wp-content\/uploads\/2026\/04\/10ae0ff1-2da1-4ddb-b42e-d31975b59fce-300x225.jpg 300w\" sizes=\"(max-width: 640px) 100vw, 640px\" \/><\/p>\n<p><img class=\"alignnone size-full wp-image-70052\" src=\"https:\/\/www.simepe.com.br\/novo\/wp-content\/uploads\/2026\/04\/519ff492-a15d-4901-ada6-9aa057aefaac.jpg\" alt=\"\" width=\"640\" height=\"480\" srcset=\"https:\/\/www.simepe.com.br\/novo\/wp-content\/uploads\/2026\/04\/519ff492-a15d-4901-ada6-9aa057aefaac.jpg 640w, https:\/\/www.simepe.com.br\/novo\/wp-content\/uploads\/2026\/04\/519ff492-a15d-4901-ada6-9aa057aefaac-300x225.jpg 300w\" sizes=\"(max-width: 640px) 100vw, 640px\" \/><\/p>\n<p><img loading=\"lazy\" class=\"alignnone size-full wp-image-70051\" src=\"https:\/\/www.simepe.com.br\/novo\/wp-content\/uploads\/2026\/04\/2f44c620-7471-415c-a9a1-b9d896d7c08d.jpg\" alt=\"\" width=\"733\" height=\"411\" srcset=\"https:\/\/www.simepe.com.br\/novo\/wp-content\/uploads\/2026\/04\/2f44c620-7471-415c-a9a1-b9d896d7c08d.jpg 733w, https:\/\/www.simepe.com.br\/novo\/wp-content\/uploads\/2026\/04\/2f44c620-7471-415c-a9a1-b9d896d7c08d-300x168.jpg 300w\" sizes=\"(max-width: 733px) 100vw, 733px\" \/><\/p>\n<p>Para a presidente do Simepe, Carol Tabosa, a uni\u00e3o dos especialistas demonstra sentimento de indigna\u00e7\u00e3o e a necessidade de solu\u00e7\u00f5es urgentes. \u201cA uni\u00e3o das especialidades \u00e9 fundamental para avan\u00e7armos com mais efetividade na defesa de condi\u00e7\u00f5es dignas de trabalho e de remunera\u00e7\u00e3o. O que todos n\u00f3s queremos \u00e9 a resolu\u00e7\u00e3o do problema o mais r\u00e1pido poss\u00edvel\u201d, afirmou Tabosa.<\/p>\n<p>Dentre as delibera\u00e7\u00f5es, a categoria decidiu por enviar of\u00edcio ao IASSEPE com propostas constru\u00eddas coletivamente durante a assembleia, al\u00e9m da intensifica\u00e7\u00e3o do di\u00e1logo institucional<\/p>\n","protected":false},"excerpt":{"rendered":"<p>M\u00e9dicos radiologistas e oftalmologistas que atuam no Instituto de Aten\u00e7\u00e3o \u00e0 Sa\u00fade e Bem-estar dos Servidores do Estado de Pernambuco (IASSEPE) participaram, nesta ter\u00e7a-feira (07\/04), de Assembleia Geral Extraordin\u00e1ria (AGE) realizada pelo Sindicato dos M\u00e9dicos de Pernambuco (Simepe), no Recife. A reuni\u00e3o teve como foco a mobiliza\u00e7\u00e3o das especialidades diante da defasagem dos honor\u00e1rios. O [&hellip;]<\/p>\n","protected":false},"author":2,"featured_media":70048,"comment_status":"open","ping_status":"open","sticky":false,"template":"","format":"standard","meta":{"ocean_post_layout":"","ocean_both_sidebars_style":"","ocean_both_sidebars_content_width":0,"ocean_both_sidebars_sidebars_width":0,"ocean_sidebar":"","ocean_second_sidebar":"","ocean_disable_margins":"enable","ocean_add_body_class":"","ocean_shortcode_before_top_bar":"","ocean_shortcode_after_top_bar":"","ocean_shortcode_before_header":"","ocean_shortcode_after_header":"","ocean_has_shortcode":"","ocean_shortcode_after_title":"","ocean_shortcode_before_footer_widgets":"","ocean_shortcode_after_footer_widgets":"","ocean_shortcode_before_footer_bottom":"","ocean_shortcode_after_footer_bottom":"","ocean_display_top_bar":"default","ocean_display_header":"default","ocean_header_style":"","ocean_center_header_left_menu":"","ocean_custom_header_template":"","ocean_custom_logo":0,"ocean_custom_retina_logo":0,"ocean_custom_logo_max_width":0,"ocean_custom_logo_tablet_max_width":0,"ocean_custom_logo_mobile_max_width":0,"ocean_custom_logo_max_height":0,"ocean_custom_logo_tablet_max_height":0,"ocean_custom_logo_mobile_max_height":0,"ocean_header_custom_menu":"","ocean_menu_typo_font_family":"","ocean_menu_typo_font_subset":"","ocean_menu_typo_font_size":0,"ocean_menu_typo_font_size_tablet":0,"ocean_menu_typo_font_size_mobile":0,"ocean_menu_typo_font_size_unit":"px","ocean_menu_typo_font_weight":"","ocean_menu_typo_font_weight_tablet":"","ocean_menu_typo_font_weight_mobile":"","ocean_menu_typo_transform":"","ocean_menu_typo_transform_tablet":"","ocean_menu_typo_transform_mobile":"","ocean_menu_typo_line_height":0,"ocean_menu_typo_line_height_tablet":0,"ocean_menu_typo_line_height_mobile":0,"ocean_menu_typo_line_height_unit":"","ocean_menu_typo_spacing":0,"ocean_menu_typo_spacing_tablet":0,"ocean_menu_typo_spacing_mobile":0,"ocean_menu_typo_spacing_unit":"","ocean_menu_link_color":"","ocean_menu_link_color_hover":"","ocean_menu_link_color_active":"","ocean_menu_link_background":"","ocean_menu_link_hover_background":"","ocean_menu_link_active_background":"","ocean_menu_social_links_bg":"","ocean_menu_social_hover_links_bg":"","ocean_menu_social_links_color":"","ocean_menu_social_hover_links_color":"","ocean_disable_title":"default","ocean_disable_heading":"default","ocean_post_title":"","ocean_post_subheading":"","ocean_post_title_style":"","ocean_post_title_background_color":"","ocean_post_title_background":0,"ocean_post_title_bg_image_position":"","ocean_post_title_bg_image_attachment":"","ocean_post_title_bg_image_repeat":"","ocean_post_title_bg_image_size":"","ocean_post_title_height":0,"ocean_post_title_bg_overlay":0.5,"ocean_post_title_bg_overlay_color":"","ocean_disable_breadcrumbs":"default","ocean_breadcrumbs_color":"","ocean_breadcrumbs_separator_color":"","ocean_breadcrumbs_links_color":"","ocean_breadcrumbs_links_hover_color":"","ocean_display_footer_widgets":"default","ocean_display_footer_bottom":"default","ocean_custom_footer_template":"","ocean_post_oembed":"","ocean_post_self_hosted_media":"","ocean_post_video_embed":"","ocean_link_format":"","ocean_link_format_target":"self","ocean_quote_format":"","ocean_quote_format_link":"post","ocean_gallery_link_images":"on","ocean_gallery_id":[]},"categories":[1796,3943,1],"tags":[],"acf":[],"_links":{"self":[{"href":"https:\/\/www.simepe.com.br\/novo\/wp-json\/wp\/v2\/posts\/70047"}],"collection":[{"href":"https:\/\/www.simepe.com.br\/novo\/wp-json\/wp\/v2\/posts"}],"about":[{"href":"https:\/\/www.simepe.com.br\/novo\/wp-json\/wp\/v2\/types\/post"}],"author":[{"embeddable":true,"href":"https:\/\/www.simepe.com.br\/novo\/wp-json\/wp\/v2\/users\/2"}],"replies":[{"embeddable":true,"href":"https:\/\/www.simepe.com.br\/novo\/wp-json\/wp\/v2\/comments?post=70047"}],"version-history":[{"count":1,"href":"https:\/\/www.simepe.com.br\/novo\/wp-json\/wp\/v2\/posts\/70047\/revisions"}],"predecessor-version":[{"id":70053,"href":"https:\/\/www.simepe.com.br\/novo\/wp-json\/wp\/v2\/posts\/70047\/revisions\/70053"}],"wp:featuredmedia":[{"embeddable":true,"href":"https:\/\/www.simepe.com.br\/novo\/wp-json\/wp\/v2\/media\/70048"}],"wp:attachment":[{"href":"https:\/\/www.simepe.com.br\/novo\/wp-json\/wp\/v2\/media?parent=70047"}],"wp:term":[{"taxonomy":"category","embeddable":true,"href":"https:\/\/www.simepe.com.br\/novo\/wp-json\/wp\/v2\/categories?post=70047"},{"taxonomy":"post_tag","embeddable":true,"href":"https:\/\/www.simepe.com.br\/novo\/wp-json\/wp\/v2\/tags?post=70047"}],"curies":[{"name":"wp","href":"https:\/\/api.w.org\/{rel}","templated":true}]}}