{"id":70183,"date":"2026-04-27T14:51:55","date_gmt":"2026-04-27T17:51:55","guid":{"rendered":"https:\/\/www.simepe.com.br\/novo\/?p=70183"},"modified":"2026-04-27T15:25:52","modified_gmt":"2026-04-27T18:25:52","slug":"simepe-prestigia-abertura-da-43a-jornada-da-sociedade-pernambucana-de-psiquiatria","status":"publish","type":"post","link":"https:\/\/www.simepe.com.br\/novo\/simepe-prestigia-abertura-da-43a-jornada-da-sociedade-pernambucana-de-psiquiatria\/","title":{"rendered":"Simepe prestigia abertura da 43\u00aa Jornada da Sociedade Pernambucana de Psiquiatria"},"content":{"rendered":"<p>O Sindicato dos M\u00e9dicos de Pernambuco (Simepe) participou, na tarde da \u00faltima sexta-feira (24), da 43\u00aa Jornada da Sociedade Pernambucana de Psiquiatria. O evento, que seguiu at\u00e9 o s\u00e1bado (25), foi realizado na Faculdade Pernambucana de Sa\u00fade (FPS), localizada no bairro da Imbiribeira, zona sul do Recife. O diretor do Simepe, Humberto Caldas, representou a institui\u00e7\u00e3o na solenidade de abertura da Jornada.<\/p>\n<p>\u201cO Simepe reconhece a import\u00e2ncia de eventos como este, que promovem a atualiza\u00e7\u00e3o cient\u00edfica, o interc\u00e2mbio de experi\u00eancias e o fortalecimento da psiquiatria em Pernambuco. A participa\u00e7\u00e3o do Sindicato refor\u00e7a o compromisso da entidade com a valoriza\u00e7\u00e3o dos m\u00e9dicos especialistas e com o debate permanente sobre a sa\u00fade mental, tema cada vez mais relevante para a sociedade e para a pr\u00e1tica m\u00e9dica\u201d, afirmou o diretor do Simepe, Humberto Caldas.<\/p>\n<p>A programa\u00e7\u00e3o do evento contou com mesas redondas, confer\u00eancias, mini-cursos e simp\u00f3sios, al\u00e9m da participa\u00e7\u00e3o dos residentes em Psiquiatria. Entre os temas discutidos est\u00e3o &#8220;Tecnologia e Sa\u00fade Mental&#8221;, &#8220;Uso de IA na pr\u00e1tica cl\u00ednica&#8221;, &#8220;Atividade f\u00edsica e sa\u00fade mental&#8221;, &#8220;Cyberbulluing e viol\u00eancia nas escolas&#8221;; entre outros.<\/p>\n<p>Durante a solenidade, foi entregue a Medalha Ullysses Pernambucano ao m\u00e9dico T\u00e1cito Medeiros, recebida por sua esposa, Ana Farias. A maior comenda concedida pela SPP homenageia profissionais que se destacam na \u00e1rea da psiquiatria e sa\u00fade mental em Pernambuco.<\/p>\n<p>Tamb\u00e9m participaram do evento, m\u00e9dicos e m\u00e9dicas, autoridades pol\u00edticas, especialistas, estudantes de Medicina e interessados no tema.<\/p>\n<div id='gallery-1' class='gallery galleryid-70183 gallery-columns-3 gallery-size-thumbnail'><figure class='gallery-item'>\n\t\t\t<div class='gallery-icon landscape'>\n\t\t\t\t<a href='https:\/\/www.simepe.com.br\/novo\/simepe-prestigia-abertura-da-43a-jornada-da-sociedade-pernambucana-de-psiquiatria\/jornada-de-psiquiatria-11\/'><img width=\"150\" height=\"150\" src=\"https:\/\/www.simepe.com.br\/novo\/wp-content\/uploads\/2026\/04\/jornada-de-psiquiatria-11-150x150.jpeg\" class=\"attachment-thumbnail size-thumbnail\" alt=\"\" srcset=\"https:\/\/www.simepe.com.br\/novo\/wp-content\/uploads\/2026\/04\/jornada-de-psiquiatria-11-150x150.jpeg 150w, https:\/\/www.simepe.com.br\/novo\/wp-content\/uploads\/2026\/04\/jornada-de-psiquiatria-11-600x600.jpeg 600w\" sizes=\"(max-width: 150px) 100vw, 150px\" \/><\/a>\n\t\t\t<\/div><\/figure><figure class='gallery-item'>\n\t\t\t<div class='gallery-icon landscape'>\n\t\t\t\t<a href='https:\/\/www.simepe.com.br\/novo\/simepe-prestigia-abertura-da-43a-jornada-da-sociedade-pernambucana-de-psiquiatria\/jornada-de-psiquiatria-13\/'><img width=\"150\" height=\"150\" src=\"https:\/\/www.simepe.com.br\/novo\/wp-content\/uploads\/2026\/04\/jornada-de-psiquiatria-13-150x150.jpeg\" class=\"attachment-thumbnail size-thumbnail\" alt=\"\" srcset=\"https:\/\/www.simepe.com.br\/novo\/wp-content\/uploads\/2026\/04\/jornada-de-psiquiatria-13-150x150.jpeg 150w, https:\/\/www.simepe.com.br\/novo\/wp-content\/uploads\/2026\/04\/jornada-de-psiquiatria-13-600x600.jpeg 600w\" sizes=\"(max-width: 150px) 100vw, 150px\" \/><\/a>\n\t\t\t<\/div><\/figure><figure class='gallery-item'>\n\t\t\t<div class='gallery-icon landscape'>\n\t\t\t\t<a href='https:\/\/www.simepe.com.br\/novo\/simepe-prestigia-abertura-da-43a-jornada-da-sociedade-pernambucana-de-psiquiatria\/jornada-de-psiquiatria-10\/'><img width=\"150\" height=\"150\" src=\"https:\/\/www.simepe.com.br\/novo\/wp-content\/uploads\/2026\/04\/jornada-de-psiquiatria-10-150x150.jpeg\" class=\"attachment-thumbnail size-thumbnail\" alt=\"\" srcset=\"https:\/\/www.simepe.com.br\/novo\/wp-content\/uploads\/2026\/04\/jornada-de-psiquiatria-10-150x150.jpeg 150w, https:\/\/www.simepe.com.br\/novo\/wp-content\/uploads\/2026\/04\/jornada-de-psiquiatria-10-600x600.jpeg 600w\" sizes=\"(max-width: 150px) 100vw, 150px\" \/><\/a>\n\t\t\t<\/div><\/figure><figure class='gallery-item'>\n\t\t\t<div class='gallery-icon landscape'>\n\t\t\t\t<a href='https:\/\/www.simepe.com.br\/novo\/simepe-prestigia-abertura-da-43a-jornada-da-sociedade-pernambucana-de-psiquiatria\/jornada-de-psiquiatria-1\/'><img width=\"150\" height=\"150\" src=\"https:\/\/www.simepe.com.br\/novo\/wp-content\/uploads\/2026\/04\/jornada-de-psiquiatria-1-150x150.jpeg\" class=\"attachment-thumbnail size-thumbnail\" alt=\"\" srcset=\"https:\/\/www.simepe.com.br\/novo\/wp-content\/uploads\/2026\/04\/jornada-de-psiquiatria-1-150x150.jpeg 150w, https:\/\/www.simepe.com.br\/novo\/wp-content\/uploads\/2026\/04\/jornada-de-psiquiatria-1-600x600.jpeg 600w\" sizes=\"(max-width: 150px) 100vw, 150px\" \/><\/a>\n\t\t\t<\/div><\/figure><figure class='gallery-item'>\n\t\t\t<div class='gallery-icon landscape'>\n\t\t\t\t<a href='https:\/\/www.simepe.com.br\/novo\/simepe-prestigia-abertura-da-43a-jornada-da-sociedade-pernambucana-de-psiquiatria\/whatsapp-image-2026-04-24-at-15-15-24\/'><img width=\"150\" height=\"150\" src=\"https:\/\/www.simepe.com.br\/novo\/wp-content\/uploads\/2026\/04\/WhatsApp-Image-2026-04-24-at-15.15.24-150x150.jpeg\" class=\"attachment-thumbnail size-thumbnail\" alt=\"\" srcset=\"https:\/\/www.simepe.com.br\/novo\/wp-content\/uploads\/2026\/04\/WhatsApp-Image-2026-04-24-at-15.15.24-150x150.jpeg 150w, https:\/\/www.simepe.com.br\/novo\/wp-content\/uploads\/2026\/04\/WhatsApp-Image-2026-04-24-at-15.15.24-600x600.jpeg 600w\" sizes=\"(max-width: 150px) 100vw, 150px\" \/><\/a>\n\t\t\t<\/div><\/figure><figure class='gallery-item'>\n\t\t\t<div class='gallery-icon landscape'>\n\t\t\t\t<a href='https:\/\/www.simepe.com.br\/novo\/simepe-prestigia-abertura-da-43a-jornada-da-sociedade-pernambucana-de-psiquiatria\/jornada-de-psiquiatria-9\/'><img width=\"150\" height=\"150\" src=\"https:\/\/www.simepe.com.br\/novo\/wp-content\/uploads\/2026\/04\/jornada-de-psiquiatria-9-150x150.jpeg\" class=\"attachment-thumbnail size-thumbnail\" alt=\"\" srcset=\"https:\/\/www.simepe.com.br\/novo\/wp-content\/uploads\/2026\/04\/jornada-de-psiquiatria-9-150x150.jpeg 150w, https:\/\/www.simepe.com.br\/novo\/wp-content\/uploads\/2026\/04\/jornada-de-psiquiatria-9-600x600.jpeg 600w\" sizes=\"(max-width: 150px) 100vw, 150px\" \/><\/a>\n\t\t\t<\/div><\/figure>\n\t\t<\/div>\n\n","protected":false},"excerpt":{"rendered":"<p>O Sindicato dos M\u00e9dicos de Pernambuco (Simepe) participou, na tarde da \u00faltima sexta-feira (24), da 43\u00aa Jornada da Sociedade Pernambucana de Psiquiatria. O evento, que seguiu at\u00e9 o s\u00e1bado (25), foi realizado na Faculdade Pernambucana de Sa\u00fade (FPS), localizada no bairro da Imbiribeira, zona sul do Recife. O diretor do Simepe, Humberto Caldas, representou a [&hellip;]<\/p>\n","protected":false},"author":29,"featured_media":70184,"comment_status":"open","ping_status":"open","sticky":false,"template":"","format":"standard","meta":{"ocean_post_layout":"","ocean_both_sidebars_style":"","ocean_both_sidebars_content_width":0,"ocean_both_sidebars_sidebars_width":0,"ocean_sidebar":"","ocean_second_sidebar":"","ocean_disable_margins":"enable","ocean_add_body_class":"","ocean_shortcode_before_top_bar":"","ocean_shortcode_after_top_bar":"","ocean_shortcode_before_header":"","ocean_shortcode_after_header":"","ocean_has_shortcode":"","ocean_shortcode_after_title":"","ocean_shortcode_before_footer_widgets":"","ocean_shortcode_after_footer_widgets":"","ocean_shortcode_before_footer_bottom":"","ocean_shortcode_after_footer_bottom":"","ocean_display_top_bar":"default","ocean_display_header":"default","ocean_header_style":"","ocean_center_header_left_menu":"","ocean_custom_header_template":"","ocean_custom_logo":0,"ocean_custom_retina_logo":0,"ocean_custom_logo_max_width":0,"ocean_custom_logo_tablet_max_width":0,"ocean_custom_logo_mobile_max_width":0,"ocean_custom_logo_max_height":0,"ocean_custom_logo_tablet_max_height":0,"ocean_custom_logo_mobile_max_height":0,"ocean_header_custom_menu":"","ocean_menu_typo_font_family":"","ocean_menu_typo_font_subset":"","ocean_menu_typo_font_size":0,"ocean_menu_typo_font_size_tablet":0,"ocean_menu_typo_font_size_mobile":0,"ocean_menu_typo_font_size_unit":"px","ocean_menu_typo_font_weight":"","ocean_menu_typo_font_weight_tablet":"","ocean_menu_typo_font_weight_mobile":"","ocean_menu_typo_transform":"","ocean_menu_typo_transform_tablet":"","ocean_menu_typo_transform_mobile":"","ocean_menu_typo_line_height":0,"ocean_menu_typo_line_height_tablet":0,"ocean_menu_typo_line_height_mobile":0,"ocean_menu_typo_line_height_unit":"","ocean_menu_typo_spacing":0,"ocean_menu_typo_spacing_tablet":0,"ocean_menu_typo_spacing_mobile":0,"ocean_menu_typo_spacing_unit":"","ocean_menu_link_color":"","ocean_menu_link_color_hover":"","ocean_menu_link_color_active":"","ocean_menu_link_background":"","ocean_menu_link_hover_background":"","ocean_menu_link_active_background":"","ocean_menu_social_links_bg":"","ocean_menu_social_hover_links_bg":"","ocean_menu_social_links_color":"","ocean_menu_social_hover_links_color":"","ocean_disable_title":"default","ocean_disable_heading":"default","ocean_post_title":"","ocean_post_subheading":"","ocean_post_title_style":"","ocean_post_title_background_color":"","ocean_post_title_background":0,"ocean_post_title_bg_image_position":"","ocean_post_title_bg_image_attachment":"","ocean_post_title_bg_image_repeat":"","ocean_post_title_bg_image_size":"","ocean_post_title_height":0,"ocean_post_title_bg_overlay":0.5,"ocean_post_title_bg_overlay_color":"","ocean_disable_breadcrumbs":"default","ocean_breadcrumbs_color":"","ocean_breadcrumbs_separator_color":"","ocean_breadcrumbs_links_color":"","ocean_breadcrumbs_links_hover_color":"","ocean_display_footer_widgets":"default","ocean_display_footer_bottom":"default","ocean_custom_footer_template":"","ocean_post_oembed":"","ocean_post_self_hosted_media":"","ocean_post_video_embed":"","ocean_link_format":"","ocean_link_format_target":"self","ocean_quote_format":"","ocean_quote_format_link":"post","ocean_gallery_link_images":"on","ocean_gallery_id":[]},"categories":[1796,3943,1],"tags":[],"acf":[],"_links":{"self":[{"href":"https:\/\/www.simepe.com.br\/novo\/wp-json\/wp\/v2\/posts\/70183"}],"collection":[{"href":"https:\/\/www.simepe.com.br\/novo\/wp-json\/wp\/v2\/posts"}],"about":[{"href":"https:\/\/www.simepe.com.br\/novo\/wp-json\/wp\/v2\/types\/post"}],"author":[{"embeddable":true,"href":"https:\/\/www.simepe.com.br\/novo\/wp-json\/wp\/v2\/users\/29"}],"replies":[{"embeddable":true,"href":"https:\/\/www.simepe.com.br\/novo\/wp-json\/wp\/v2\/comments?post=70183"}],"version-history":[{"count":3,"href":"https:\/\/www.simepe.com.br\/novo\/wp-json\/wp\/v2\/posts\/70183\/revisions"}],"predecessor-version":[{"id":70193,"href":"https:\/\/www.simepe.com.br\/novo\/wp-json\/wp\/v2\/posts\/70183\/revisions\/70193"}],"wp:featuredmedia":[{"embeddable":true,"href":"https:\/\/www.simepe.com.br\/novo\/wp-json\/wp\/v2\/media\/70184"}],"wp:attachment":[{"href":"https:\/\/www.simepe.com.br\/novo\/wp-json\/wp\/v2\/media?parent=70183"}],"wp:term":[{"taxonomy":"category","embeddable":true,"href":"https:\/\/www.simepe.com.br\/novo\/wp-json\/wp\/v2\/categories?post=70183"},{"taxonomy":"post_tag","embeddable":true,"href":"https:\/\/www.simepe.com.br\/novo\/wp-json\/wp\/v2\/tags?post=70183"}],"curies":[{"name":"wp","href":"https:\/\/api.w.org\/{rel}","templated":true}]}}