{"id":70211,"date":"2026-04-30T09:27:41","date_gmt":"2026-04-30T12:27:41","guid":{"rendered":"https:\/\/www.simepe.com.br\/novo\/?p=70211"},"modified":"2026-04-30T09:27:41","modified_gmt":"2026-04-30T12:27:41","slug":"simepe-amplia-debate-sobre-saude-mental-com-encontro-sobre-as-novas-diretrizes-da-nr1","status":"publish","type":"post","link":"https:\/\/www.simepe.com.br\/novo\/simepe-amplia-debate-sobre-saude-mental-com-encontro-sobre-as-novas-diretrizes-da-nr1\/","title":{"rendered":"Simepe amplia debate sobre sa\u00fade mental com encontro sobre as novas diretrizes da NR1"},"content":{"rendered":"<p>Refor\u00e7ando seu compromisso com o cuidado integral da categoria m\u00e9dica, o Sindicato dos M\u00e9dicos de Pernambuco (Simepe) promoveu, na noite desta quarta-feira (29), o encontro \u201cSa\u00fade mental: As novas diretrizes da NR-1\u201d. O evento foi realizado em um hotel na Zona Sul do Recife. Pelo Simepe, estiveram presentes, a presidente, Carol Tabosa; a vice-presidente, Jamilly Leite; e demais diretores.<\/p>\n<p>A iniciativa, realizada em parceria com a Sociedade Pernambucana de Psiquiatria (SPP), integra as a\u00e7\u00f5es do Simepe voltadas \u00e0 promo\u00e7\u00e3o da sa\u00fade mental, \u00e0 escuta ativa e ao acolhimento aos profissionais da medicina. O encontro teve como objetivo proporcionar um espa\u00e7o de reflex\u00e3o, orienta\u00e7\u00e3o e cuidado diante dos desafios enfrentados no ambiente de trabalho.<\/p>\n<p>A atividade foi conduzida pelo m\u00e9dico psiquiatra Tunai Galv\u00e3o e pelo m\u00e9dico do trabalho Jo\u00e3o Mendes. Durante a palestra, foram abordados temas pr\u00e1ticos e atuais relacionados \u00e0 sa\u00fade mental no ambiente laboral, al\u00e9m das atualiza\u00e7\u00f5es da Norma Regulamentadora n\u00ba 1 (NR-1), especialmente ap\u00f3s a inclus\u00e3o dos riscos psicossociais no gerenciamento ocupacional.<\/p>\n<p>&#8220;A atualiza\u00e7\u00e3o da NR-1 passou a exigir que fatores psicossociais sejam inclu\u00eddos formalmente no invent\u00e1rio de riscos das empresas. Essa mudan\u00e7a amplia a responsabilidade institucional sobre o cuidado com a sa\u00fade mental no ambiente de trabalho&#8221;, disse a presidente do Simepe, Carol Tabosa.<\/p>\n<p>&#8220;A iniciativa refor\u00e7a o compromisso do Simepe com a escuta ativa, o acolhimento e a valoriza\u00e7\u00e3o dos profissionais, promovendo a\u00e7\u00f5es que contribuem para o cuidado integral da categoria m\u00e9dica\u201d, finalizou Carol Tabosa.<\/p>\n<p>Com a a\u00e7\u00e3o, o Simepe reafirma seu papel de presen\u00e7a, orienta\u00e7\u00e3o e defesa dos m\u00e9dicos pernambucanos, fortalecendo pautas essenciais para a valoriza\u00e7\u00e3o profissional e o bem-estar da categoria.<\/p>\n<p>&nbsp;<\/p>\n<div id='gallery-1' class='gallery galleryid-70211 gallery-columns-4 gallery-size-thumbnail'><figure class='gallery-item'>\n\t\t\t<div class='gallery-icon landscape'>\n\t\t\t\t<a href='https:\/\/www.simepe.com.br\/novo\/simepe-amplia-debate-sobre-saude-mental-com-encontro-sobre-as-novas-diretrizes-da-nr1\/encontro-saude-mental-1\/'><img width=\"150\" height=\"150\" src=\"https:\/\/www.simepe.com.br\/novo\/wp-content\/uploads\/2026\/04\/Encontro-Saude-Mental-1-150x150.jpeg\" class=\"attachment-thumbnail size-thumbnail\" alt=\"\" srcset=\"https:\/\/www.simepe.com.br\/novo\/wp-content\/uploads\/2026\/04\/Encontro-Saude-Mental-1-150x150.jpeg 150w, https:\/\/www.simepe.com.br\/novo\/wp-content\/uploads\/2026\/04\/Encontro-Saude-Mental-1-600x600.jpeg 600w\" sizes=\"(max-width: 150px) 100vw, 150px\" \/><\/a>\n\t\t\t<\/div><\/figure><figure class='gallery-item'>\n\t\t\t<div class='gallery-icon landscape'>\n\t\t\t\t<a href='https:\/\/www.simepe.com.br\/novo\/simepe-amplia-debate-sobre-saude-mental-com-encontro-sobre-as-novas-diretrizes-da-nr1\/encontro-saude-mental-9\/'><img width=\"150\" height=\"150\" src=\"https:\/\/www.simepe.com.br\/novo\/wp-content\/uploads\/2026\/04\/Encontro-Saude-Mental-9-150x150.jpeg\" class=\"attachment-thumbnail size-thumbnail\" alt=\"\" srcset=\"https:\/\/www.simepe.com.br\/novo\/wp-content\/uploads\/2026\/04\/Encontro-Saude-Mental-9-150x150.jpeg 150w, https:\/\/www.simepe.com.br\/novo\/wp-content\/uploads\/2026\/04\/Encontro-Saude-Mental-9-600x600.jpeg 600w\" sizes=\"(max-width: 150px) 100vw, 150px\" \/><\/a>\n\t\t\t<\/div><\/figure><figure class='gallery-item'>\n\t\t\t<div class='gallery-icon landscape'>\n\t\t\t\t<a href='https:\/\/www.simepe.com.br\/novo\/simepe-amplia-debate-sobre-saude-mental-com-encontro-sobre-as-novas-diretrizes-da-nr1\/encontro-saude-mental-6\/'><img width=\"150\" height=\"150\" src=\"https:\/\/www.simepe.com.br\/novo\/wp-content\/uploads\/2026\/04\/Encontro-Saude-Mental-6-150x150.jpeg\" class=\"attachment-thumbnail size-thumbnail\" alt=\"\" srcset=\"https:\/\/www.simepe.com.br\/novo\/wp-content\/uploads\/2026\/04\/Encontro-Saude-Mental-6-150x150.jpeg 150w, https:\/\/www.simepe.com.br\/novo\/wp-content\/uploads\/2026\/04\/Encontro-Saude-Mental-6-600x600.jpeg 600w\" sizes=\"(max-width: 150px) 100vw, 150px\" \/><\/a>\n\t\t\t<\/div><\/figure><figure class='gallery-item'>\n\t\t\t<div class='gallery-icon landscape'>\n\t\t\t\t<a href='https:\/\/www.simepe.com.br\/novo\/simepe-amplia-debate-sobre-saude-mental-com-encontro-sobre-as-novas-diretrizes-da-nr1\/encontro-saude-mental-5\/'><img width=\"150\" height=\"150\" src=\"https:\/\/www.simepe.com.br\/novo\/wp-content\/uploads\/2026\/04\/Encontro-Saude-Mental-5-150x150.jpeg\" class=\"attachment-thumbnail size-thumbnail\" alt=\"\" srcset=\"https:\/\/www.simepe.com.br\/novo\/wp-content\/uploads\/2026\/04\/Encontro-Saude-Mental-5-150x150.jpeg 150w, https:\/\/www.simepe.com.br\/novo\/wp-content\/uploads\/2026\/04\/Encontro-Saude-Mental-5-600x600.jpeg 600w\" sizes=\"(max-width: 150px) 100vw, 150px\" \/><\/a>\n\t\t\t<\/div><\/figure><figure class='gallery-item'>\n\t\t\t<div class='gallery-icon landscape'>\n\t\t\t\t<a href='https:\/\/www.simepe.com.br\/novo\/simepe-amplia-debate-sobre-saude-mental-com-encontro-sobre-as-novas-diretrizes-da-nr1\/encontro-saude-mental-8\/'><img width=\"150\" height=\"150\" src=\"https:\/\/www.simepe.com.br\/novo\/wp-content\/uploads\/2026\/04\/Encontro-Saude-Mental-8-150x150.jpeg\" class=\"attachment-thumbnail size-thumbnail\" alt=\"\" srcset=\"https:\/\/www.simepe.com.br\/novo\/wp-content\/uploads\/2026\/04\/Encontro-Saude-Mental-8-150x150.jpeg 150w, https:\/\/www.simepe.com.br\/novo\/wp-content\/uploads\/2026\/04\/Encontro-Saude-Mental-8-600x600.jpeg 600w\" sizes=\"(max-width: 150px) 100vw, 150px\" \/><\/a>\n\t\t\t<\/div><\/figure><figure class='gallery-item'>\n\t\t\t<div class='gallery-icon landscape'>\n\t\t\t\t<a href='https:\/\/www.simepe.com.br\/novo\/simepe-amplia-debate-sobre-saude-mental-com-encontro-sobre-as-novas-diretrizes-da-nr1\/encontro-saude-mental-7\/'><img width=\"150\" height=\"150\" src=\"https:\/\/www.simepe.com.br\/novo\/wp-content\/uploads\/2026\/04\/Encontro-Saude-Mental-7-150x150.jpeg\" class=\"attachment-thumbnail size-thumbnail\" alt=\"\" srcset=\"https:\/\/www.simepe.com.br\/novo\/wp-content\/uploads\/2026\/04\/Encontro-Saude-Mental-7-150x150.jpeg 150w, https:\/\/www.simepe.com.br\/novo\/wp-content\/uploads\/2026\/04\/Encontro-Saude-Mental-7-600x600.jpeg 600w\" sizes=\"(max-width: 150px) 100vw, 150px\" \/><\/a>\n\t\t\t<\/div><\/figure><figure class='gallery-item'>\n\t\t\t<div class='gallery-icon landscape'>\n\t\t\t\t<a href='https:\/\/www.simepe.com.br\/novo\/simepe-amplia-debate-sobre-saude-mental-com-encontro-sobre-as-novas-diretrizes-da-nr1\/encontro-saude-mental-3\/'><img width=\"150\" height=\"150\" src=\"https:\/\/www.simepe.com.br\/novo\/wp-content\/uploads\/2026\/04\/Encontro-Saude-Mental-3-150x150.jpeg\" class=\"attachment-thumbnail size-thumbnail\" alt=\"\" srcset=\"https:\/\/www.simepe.com.br\/novo\/wp-content\/uploads\/2026\/04\/Encontro-Saude-Mental-3-150x150.jpeg 150w, https:\/\/www.simepe.com.br\/novo\/wp-content\/uploads\/2026\/04\/Encontro-Saude-Mental-3-600x600.jpeg 600w\" sizes=\"(max-width: 150px) 100vw, 150px\" \/><\/a>\n\t\t\t<\/div><\/figure><figure class='gallery-item'>\n\t\t\t<div class='gallery-icon landscape'>\n\t\t\t\t<a href='https:\/\/www.simepe.com.br\/novo\/simepe-amplia-debate-sobre-saude-mental-com-encontro-sobre-as-novas-diretrizes-da-nr1\/encontro-saude-mental-2-2\/'><img width=\"150\" height=\"150\" src=\"https:\/\/www.simepe.com.br\/novo\/wp-content\/uploads\/2026\/04\/Encontro-Saude-Mental-2-1-150x150.jpeg\" class=\"attachment-thumbnail size-thumbnail\" alt=\"\" srcset=\"https:\/\/www.simepe.com.br\/novo\/wp-content\/uploads\/2026\/04\/Encontro-Saude-Mental-2-1-150x150.jpeg 150w, https:\/\/www.simepe.com.br\/novo\/wp-content\/uploads\/2026\/04\/Encontro-Saude-Mental-2-1-600x600.jpeg 600w\" sizes=\"(max-width: 150px) 100vw, 150px\" \/><\/a>\n\t\t\t<\/div><\/figure>\n\t\t<\/div>\n\n","protected":false},"excerpt":{"rendered":"<p>Refor\u00e7ando seu compromisso com o cuidado integral da categoria m\u00e9dica, o Sindicato dos M\u00e9dicos de Pernambuco (Simepe) promoveu, na noite desta quarta-feira (29), o encontro \u201cSa\u00fade mental: As novas diretrizes da NR-1\u201d. O evento foi realizado em um hotel na Zona Sul do Recife. Pelo Simepe, estiveram presentes, a presidente, Carol Tabosa; a vice-presidente, Jamilly [&hellip;]<\/p>\n","protected":false},"author":29,"featured_media":70212,"comment_status":"open","ping_status":"open","sticky":false,"template":"","format":"standard","meta":{"ocean_post_layout":"","ocean_both_sidebars_style":"","ocean_both_sidebars_content_width":0,"ocean_both_sidebars_sidebars_width":0,"ocean_sidebar":"","ocean_second_sidebar":"","ocean_disable_margins":"enable","ocean_add_body_class":"","ocean_shortcode_before_top_bar":"","ocean_shortcode_after_top_bar":"","ocean_shortcode_before_header":"","ocean_shortcode_after_header":"","ocean_has_shortcode":"","ocean_shortcode_after_title":"","ocean_shortcode_before_footer_widgets":"","ocean_shortcode_after_footer_widgets":"","ocean_shortcode_before_footer_bottom":"","ocean_shortcode_after_footer_bottom":"","ocean_display_top_bar":"default","ocean_display_header":"default","ocean_header_style":"","ocean_center_header_left_menu":"","ocean_custom_header_template":"","ocean_custom_logo":0,"ocean_custom_retina_logo":0,"ocean_custom_logo_max_width":0,"ocean_custom_logo_tablet_max_width":0,"ocean_custom_logo_mobile_max_width":0,"ocean_custom_logo_max_height":0,"ocean_custom_logo_tablet_max_height":0,"ocean_custom_logo_mobile_max_height":0,"ocean_header_custom_menu":"","ocean_menu_typo_font_family":"","ocean_menu_typo_font_subset":"","ocean_menu_typo_font_size":0,"ocean_menu_typo_font_size_tablet":0,"ocean_menu_typo_font_size_mobile":0,"ocean_menu_typo_font_size_unit":"px","ocean_menu_typo_font_weight":"","ocean_menu_typo_font_weight_tablet":"","ocean_menu_typo_font_weight_mobile":"","ocean_menu_typo_transform":"","ocean_menu_typo_transform_tablet":"","ocean_menu_typo_transform_mobile":"","ocean_menu_typo_line_height":0,"ocean_menu_typo_line_height_tablet":0,"ocean_menu_typo_line_height_mobile":0,"ocean_menu_typo_line_height_unit":"","ocean_menu_typo_spacing":0,"ocean_menu_typo_spacing_tablet":0,"ocean_menu_typo_spacing_mobile":0,"ocean_menu_typo_spacing_unit":"","ocean_menu_link_color":"","ocean_menu_link_color_hover":"","ocean_menu_link_color_active":"","ocean_menu_link_background":"","ocean_menu_link_hover_background":"","ocean_menu_link_active_background":"","ocean_menu_social_links_bg":"","ocean_menu_social_hover_links_bg":"","ocean_menu_social_links_color":"","ocean_menu_social_hover_links_color":"","ocean_disable_title":"default","ocean_disable_heading":"default","ocean_post_title":"","ocean_post_subheading":"","ocean_post_title_style":"","ocean_post_title_background_color":"","ocean_post_title_background":0,"ocean_post_title_bg_image_position":"","ocean_post_title_bg_image_attachment":"","ocean_post_title_bg_image_repeat":"","ocean_post_title_bg_image_size":"","ocean_post_title_height":0,"ocean_post_title_bg_overlay":0.5,"ocean_post_title_bg_overlay_color":"","ocean_disable_breadcrumbs":"default","ocean_breadcrumbs_color":"","ocean_breadcrumbs_separator_color":"","ocean_breadcrumbs_links_color":"","ocean_breadcrumbs_links_hover_color":"","ocean_display_footer_widgets":"default","ocean_display_footer_bottom":"default","ocean_custom_footer_template":"","ocean_post_oembed":"","ocean_post_self_hosted_media":"","ocean_post_video_embed":"","ocean_link_format":"","ocean_link_format_target":"self","ocean_quote_format":"","ocean_quote_format_link":"post","ocean_gallery_link_images":"on","ocean_gallery_id":[]},"categories":[1796,3943,1],"tags":[],"acf":[],"_links":{"self":[{"href":"https:\/\/www.simepe.com.br\/novo\/wp-json\/wp\/v2\/posts\/70211"}],"collection":[{"href":"https:\/\/www.simepe.com.br\/novo\/wp-json\/wp\/v2\/posts"}],"about":[{"href":"https:\/\/www.simepe.com.br\/novo\/wp-json\/wp\/v2\/types\/post"}],"author":[{"embeddable":true,"href":"https:\/\/www.simepe.com.br\/novo\/wp-json\/wp\/v2\/users\/29"}],"replies":[{"embeddable":true,"href":"https:\/\/www.simepe.com.br\/novo\/wp-json\/wp\/v2\/comments?post=70211"}],"version-history":[{"count":1,"href":"https:\/\/www.simepe.com.br\/novo\/wp-json\/wp\/v2\/posts\/70211\/revisions"}],"predecessor-version":[{"id":70221,"href":"https:\/\/www.simepe.com.br\/novo\/wp-json\/wp\/v2\/posts\/70211\/revisions\/70221"}],"wp:featuredmedia":[{"embeddable":true,"href":"https:\/\/www.simepe.com.br\/novo\/wp-json\/wp\/v2\/media\/70212"}],"wp:attachment":[{"href":"https:\/\/www.simepe.com.br\/novo\/wp-json\/wp\/v2\/media?parent=70211"}],"wp:term":[{"taxonomy":"category","embeddable":true,"href":"https:\/\/www.simepe.com.br\/novo\/wp-json\/wp\/v2\/categories?post=70211"},{"taxonomy":"post_tag","embeddable":true,"href":"https:\/\/www.simepe.com.br\/novo\/wp-json\/wp\/v2\/tags?post=70211"}],"curies":[{"name":"wp","href":"https:\/\/api.w.org\/{rel}","templated":true}]}}