{"id":29,"name":"Karla Oliveira","url":"","description":"Karla Oliveira \u00e9 Assessora de Comunica\u00e7\u00e3o do Simepe. Formada em Comunica\u00e7\u00e3o Social com Habilita\u00e7\u00e3o em Jornalismo, desde 2011.1, pela Uninassau - Recife. E-mail: karla@mcacomunicacao.com.br","link":"https:\/\/www.simepe.com.br\/novo\/author\/karla\/","slug":"karla","avatar_urls":{"24":"https:\/\/secure.gravatar.com\/avatar\/8a92041aeeac655764229074d97388fa?s=24&d=mm&r=g","48":"https:\/\/secure.gravatar.com\/avatar\/8a92041aeeac655764229074d97388fa?s=48&d=mm&r=g","96":"https:\/\/secure.gravatar.com\/avatar\/8a92041aeeac655764229074d97388fa?s=96&d=mm&r=g"},"meta":[],"acf":[],"_links":{"self":[{"href":"https:\/\/www.simepe.com.br\/novo\/wp-json\/wp\/v2\/users\/29"}],"collection":[{"href":"https:\/\/www.simepe.com.br\/novo\/wp-json\/wp\/v2\/users"}]}}